{"id":11524,"date":"2026-04-24T11:55:25","date_gmt":"2026-04-24T09:55:25","guid":{"rendered":"https:\/\/germanys.saarland\/?p=11524"},"modified":"2026-04-24T12:06:34","modified_gmt":"2026-04-24T10:06:34","slug":"vetter-pharma","status":"publish","type":"post","link":"https:\/\/germanys.saarland\/fr\/references-fr\/vetter-pharma\/","title":{"rendered":"Vetter Pharma"},"content":{"rendered":"\t\t<div data-elementor-type=\"wp-post\" data-elementor-id=\"11524\" class=\"elementor elementor-11524 elementor-11522\" data-elementor-post-type=\"post\">\n\t\t\t\t<div class=\"elementor-element elementor-element-cab122e e-flex e-con-boxed e-con e-parent\" data-id=\"cab122e\" data-element_type=\"container\" data-e-type=\"container\">\n\t\t\t\t\t<div class=\"e-con-inner\">\n\t\t<div class=\"elementor-element elementor-element-cbac82d e-con-full e-flex e-con e-child\" data-id=\"cbac82d\" data-element_type=\"container\" data-e-type=\"container\">\n\t\t\t\t<div class=\"elementor-element elementor-element-34f0266 elementor-widget elementor-widget-image\" data-id=\"34f0266\" data-element_type=\"widget\" data-e-type=\"widget\" data-widget_type=\"image.default\">\n\t\t\t\t<div class=\"elementor-widget-container\">\n\t\t\t\t\t\t\t\t\t\t\t\t\t\t\t<img fetchpriority=\"high\" decoding=\"async\" width=\"1920\" height=\"1080\" src=\"https:\/\/germanys.saarland\/wp-content\/uploads\/Visualisierung-Vetter-SLS.jpg\" class=\"attachment-full size-full wp-image-11535\" alt=\"\" srcset=\"https:\/\/germanys.saarland\/wp-content\/uploads\/Visualisierung-Vetter-SLS.jpg 1920w, https:\/\/germanys.saarland\/wp-content\/uploads\/Visualisierung-Vetter-SLS-300x169.jpg 300w, https:\/\/germanys.saarland\/wp-content\/uploads\/Visualisierung-Vetter-SLS-1024x576.jpg 1024w, https:\/\/germanys.saarland\/wp-content\/uploads\/Visualisierung-Vetter-SLS-768x432.jpg 768w, https:\/\/germanys.saarland\/wp-content\/uploads\/Visualisierung-Vetter-SLS-1536x864.jpg 1536w\" sizes=\"(max-width: 1920px) 100vw, 1920px\" \/>\t\t\t\t\t\t\t\t\t\t\t\t\t\t\t<\/div>\n\t\t\t\t<\/div>\n\t\t\t\t<\/div>\n\t\t<div class=\"elementor-element elementor-element-13047dd e-con-full e-flex e-con e-child\" data-id=\"13047dd\" data-element_type=\"container\" data-e-type=\"container\">\n\t\t\t\t<div class=\"elementor-element elementor-element-796b74b elementor-widget__width-initial elementor-widget elementor-widget-heading\" data-id=\"796b74b\" data-element_type=\"widget\" data-e-type=\"widget\" data-widget_type=\"heading.default\">\n\t\t\t\t<div class=\"elementor-widget-container\">\n\t\t\t\t\t<h2 class=\"elementor-heading-title elementor-size-default\">Production pharmaceutique de pointe sur un site riche en traditions<\/h2>\t\t\t\t<\/div>\n\t\t\t\t<\/div>\n\t\t\t\t<div class=\"elementor-element elementor-element-95831bf elementor-widget elementor-widget-text-editor\" data-id=\"95831bf\" data-element_type=\"widget\" data-e-type=\"widget\" data-widget_type=\"text-editor.default\">\n\t\t\t\t<div class=\"elementor-widget-container\">\n\t\t\t\t\t\t\t\t\t<p>L\u2019entreprise familiale allemande Vetter Pharma Fertigung est un prestataire de services performant, prim\u00e9 \u00e0 de nombreuses reprises pour le secteur mondial de la pharmacie et de la biotechnologie. Cette entreprise est sp\u00e9cialis\u00e9e dans le remplissage aseptique de m\u00e9dicaments dans des seringues, des cartouches et des flacons en verre. <\/p><p>Afin d&rsquo;augmenter ses capacit\u00e9s, Vetter va progressivement mettre en place, sur un ancien site automobile de Sarrelouis, une usine de production ultramoderne d\u00e9di\u00e9e aux produits pharmaceutiques, sur une superficie totale de 39 hectares. Gr\u00e2ce \u00e0 un investissement d\u2019env. 480 millions d\u2019euros, le prestataire de services pharmaceutiques cr\u00e9era jusqu\u2019\u00e0 1 500 postes de travail dans la phase finale de d\u00e9veloppement de la premi\u00e8re partie du chantier.<\/p><p><strong>1re phase de construction \u2013 Mise en place de la production :<\/strong><\/p>\t\t\t\t\t\t\t\t<\/div>\n\t\t\t\t<\/div>\n\t\t<div class=\"elementor-element elementor-element-ef48682 e-grid e-con-boxed e-con e-child\" data-id=\"ef48682\" data-element_type=\"container\" data-e-type=\"container\">\n\t\t\t\t\t<div class=\"e-con-inner\">\n\t\t\t\t<div class=\"elementor-element elementor-element-54ee14f referenz-zahlen elementor-widget elementor-widget-counter\" data-id=\"54ee14f\" data-element_type=\"widget\" data-e-type=\"widget\" data-widget_type=\"counter.default\">\n\t\t\t\t<div class=\"elementor-widget-container\">\n\t\t\t\t\t\t\t<div class=\"elementor-counter\">\n\t\t\t<div class=\"elementor-counter-title\">Postes de travail<\/div>\t\t\t<div class=\"elementor-counter-number-wrapper\">\n\t\t\t\t<span class=\"elementor-counter-number-prefix\"> <\/span>\n\t\t\t\t<span class=\"elementor-counter-number\" data-duration=\"2000\" data-to-value=\"1500\" data-from-value=\"1500\" data-delimiter=\".\">1500<\/span>\n\t\t\t\t<span class=\"elementor-counter-number-suffix\"><\/span>\n\t\t\t<\/div>\n\t\t<\/div>\n\t\t\t\t\t\t<\/div>\n\t\t\t\t<\/div>\n\t\t\t\t<div class=\"elementor-element elementor-element-bcb4caf referenz-zahlen elementor-widget elementor-widget-counter\" data-id=\"bcb4caf\" data-element_type=\"widget\" data-e-type=\"widget\" data-widget_type=\"counter.default\">\n\t\t\t\t<div class=\"elementor-widget-container\">\n\t\t\t\t\t\t\t<div class=\"elementor-counter\">\n\t\t\t<div class=\"elementor-counter-title\">Surface au sol du b\u00e2timent<\/div>\t\t\t<div class=\"elementor-counter-number-wrapper\">\n\t\t\t\t<span class=\"elementor-counter-number-prefix\"><\/span>\n\t\t\t\t<span class=\"elementor-counter-number\" data-duration=\"2000\" data-to-value=\"10500\" data-from-value=\"10500\" data-delimiter=\".\">10500<\/span>\n\t\t\t\t<span class=\"elementor-counter-number-suffix\">M\u00b2<\/span>\n\t\t\t<\/div>\n\t\t<\/div>\n\t\t\t\t\t\t<\/div>\n\t\t\t\t<\/div>\n\t\t\t\t<div class=\"elementor-element elementor-element-18fe7df referenz-zahlen elementor-widget elementor-widget-counter\" data-id=\"18fe7df\" data-element_type=\"widget\" data-e-type=\"widget\" data-widget_type=\"counter.default\">\n\t\t\t\t<div class=\"elementor-widget-container\">\n\t\t\t\t\t\t\t<div class=\"elementor-counter\">\n\t\t\t<div class=\"elementor-counter-title\">Surface nette de plancher<\/div>\t\t\t<div class=\"elementor-counter-number-wrapper\">\n\t\t\t\t<span class=\"elementor-counter-number-prefix\"><\/span>\n\t\t\t\t<span class=\"elementor-counter-number\" data-duration=\"2000\" data-to-value=\"50000\" data-from-value=\"50000\" data-delimiter=\".\">50000<\/span>\n\t\t\t\t<span class=\"elementor-counter-number-suffix\">M\u00b2<\/span>\n\t\t\t<\/div>\n\t\t<\/div>\n\t\t\t\t\t\t<\/div>\n\t\t\t\t<\/div>\n\t\t\t\t<div class=\"elementor-element elementor-element-65ee004 referenz-zahlen elementor-widget elementor-widget-counter\" data-id=\"65ee004\" data-element_type=\"widget\" data-e-type=\"widget\" data-widget_type=\"counter.default\">\n\t\t\t\t<div class=\"elementor-widget-container\">\n\t\t\t\t\t\t\t<div class=\"elementor-counter\">\n\t\t\t<div class=\"elementor-counter-title\">Ach\u00e8vement<\/div>\t\t\t<div class=\"elementor-counter-number-wrapper\">\n\t\t\t\t<span class=\"elementor-counter-number-prefix\"><\/span>\n\t\t\t\t<span class=\"elementor-counter-number\" data-duration=\"2000\" data-to-value=\"2030\" data-from-value=\"2030\">2030<\/span>\n\t\t\t\t<span class=\"elementor-counter-number-suffix\"><\/span>\n\t\t\t<\/div>\n\t\t<\/div>\n\t\t\t\t\t\t<\/div>\n\t\t\t\t<\/div>\n\t\t\t\t\t<\/div>\n\t\t\t\t<\/div>\n\t\t\t\t<\/div>\n\t\t\t\t\t<\/div>\n\t\t\t\t<\/div>\n\t\t<div class=\"elementor-element elementor-element-60b81c1 e-con-full e-flex e-con e-parent\" data-id=\"60b81c1\" data-element_type=\"container\" data-e-type=\"container\">\n\t\t\t\t<div class=\"elementor-element elementor-element-89ffde3 elementor-widget__width-inherit elementor-widget elementor-widget-heading\" data-id=\"89ffde3\" data-element_type=\"widget\" data-e-type=\"widget\" data-widget_type=\"heading.default\">\n\t\t\t\t<div class=\"elementor-widget-container\">\n\t\t\t\t\t<h3 class=\"elementor-heading-title elementor-size-default\">Notre contribution<\/h3>\t\t\t\t<\/div>\n\t\t\t\t<\/div>\n\t\t\t\t<div class=\"elementor-element elementor-element-e9835e0 two-row elementor-align-start elementor-widget__width-initial elementor-icon-list--layout-traditional elementor-list-item-link-full_width elementor-widget elementor-widget-icon-list\" data-id=\"e9835e0\" data-element_type=\"widget\" data-e-type=\"widget\" data-widget_type=\"icon-list.default\">\n\t\t\t\t<div class=\"elementor-widget-container\">\n\t\t\t\t\t\t\t<ul class=\"elementor-icon-list-items\">\n\t\t\t\t\t\t\t<li class=\"elementor-icon-list-item\">\n\t\t\t\t\t\t\t\t\t\t<span class=\"elementor-icon-list-text\">Recherche personnalis\u00e9e de terrains industriels adapt\u00e9s<\/span>\n\t\t\t\t\t\t\t\t\t<\/li>\n\t\t\t\t\t\t\t\t<li class=\"elementor-icon-list-item\">\n\t\t\t\t\t\t\t\t\t\t<span class=\"elementor-icon-list-text\">Acquisition, mise \u00e0 disposition et d\u00e9veloppement d\u2019une friche adapt\u00e9e <\/span>\n\t\t\t\t\t\t\t\t\t<\/li>\n\t\t\t\t\t\t\t\t<li class=\"elementor-icon-list-item\">\n\t\t\t\t\t\t\t\t\t\t<span class=\"elementor-icon-list-text\">Vente d\u2019un terrain industriel adapt\u00e9<\/span>\n\t\t\t\t\t\t\t\t\t<\/li>\n\t\t\t\t\t\t\t\t<li class=\"elementor-icon-list-item\">\n\t\t\t\t\t\t\t\t\t\t<span class=\"elementor-icon-list-text\">Soutien lors du recrutement de collaborateurs<\/span>\n\t\t\t\t\t\t\t\t\t<\/li>\n\t\t\t\t\t\t\t\t<li class=\"elementor-icon-list-item\">\n\t\t\t\t\t\t\t\t\t\t<span class=\"elementor-icon-list-text\">Soutien lors de la demande de subventions<\/span>\n\t\t\t\t\t\t\t\t\t<\/li>\n\t\t\t\t\t\t<\/ul>\n\t\t\t\t\t\t<\/div>\n\t\t\t\t<\/div>\n\t\t\t\t<\/div>\n\t\t<div class=\"elementor-element elementor-element-9f17ba2 e-flex e-con-boxed e-con e-parent\" data-id=\"9f17ba2\" data-element_type=\"container\" data-e-type=\"container\">\n\t\t\t\t\t<div class=\"e-con-inner\">\n\t\t<div class=\"elementor-element elementor-element-e69096a e-con-full e-flex e-con e-child\" data-id=\"e69096a\" data-element_type=\"container\" data-e-type=\"container\">\n\t\t\t\t<div class=\"elementor-element elementor-element-85d37bf elementor-widget__width-initial elementor-widget elementor-widget-heading\" data-id=\"85d37bf\" data-element_type=\"widget\" data-e-type=\"widget\" data-widget_type=\"heading.default\">\n\t\t\t\t<div class=\"elementor-widget-container\">\n\t\t\t\t\t<span class=\"elementor-heading-title elementor-size-default\"><b>S\u00e9nateur h.c. Udo J. Vetter <\/b><br>Pr\u00e9sident du comit\u00e9 consultatif et membre de la famille propri\u00e9taire<\/span>\t\t\t\t<\/div>\n\t\t\t\t<\/div>\n\t\t\t\t<div class=\"elementor-element elementor-element-b78469a elementor-widget elementor-widget-text-editor\" data-id=\"b78469a\" data-element_type=\"widget\" data-e-type=\"widget\" data-widget_type=\"text-editor.default\">\n\t\t\t\t<div class=\"elementor-widget-container\">\n\t\t\t\t\t\t\t\t\t<p><em>\u00ab Je souhaite adresser un \u00e9norme compliment \u00e0 la Sarre, \u00e0 son gouvernement et \u00e0 sa promotion \u00e9conomique.<\/em><\/p><p><em> Nous avons contact\u00e9 le gouvernement de la Sarre qui nous a fait part de son vif int\u00e9r\u00eat d\u00e8s le tout d\u00e9but.<\/em><em> <\/em><em>En quelques jours seulement on obtient \u00e0 ses questions des r\u00e9ponses hautement qualifi\u00e9es. On est l\u00e0 entre de bonnes mains. \u00bb <\/em><\/p>\t\t\t\t\t\t\t\t<\/div>\n\t\t\t\t<\/div>\n\t\t\t\t<div class=\"elementor-element elementor-element-efad3e7 elementor-widget elementor-widget-image\" data-id=\"efad3e7\" data-element_type=\"widget\" data-e-type=\"widget\" data-widget_type=\"image.default\">\n\t\t\t\t<div class=\"elementor-widget-container\">\n\t\t\t\t\t\t\t\t\t\t\t\t\t\t\t<img decoding=\"async\" width=\"2000\" height=\"1750\" src=\"https:\/\/germanys.saarland\/wp-content\/uploads\/Vetter_logo_dark-blue_digital_RGB.png\" class=\"attachment-full size-full wp-image-11547\" alt=\"\" srcset=\"https:\/\/germanys.saarland\/wp-content\/uploads\/Vetter_logo_dark-blue_digital_RGB.png 2000w, https:\/\/germanys.saarland\/wp-content\/uploads\/Vetter_logo_dark-blue_digital_RGB-300x263.png 300w, https:\/\/germanys.saarland\/wp-content\/uploads\/Vetter_logo_dark-blue_digital_RGB-1024x896.png 1024w, https:\/\/germanys.saarland\/wp-content\/uploads\/Vetter_logo_dark-blue_digital_RGB-768x672.png 768w, https:\/\/germanys.saarland\/wp-content\/uploads\/Vetter_logo_dark-blue_digital_RGB-1536x1344.png 1536w\" sizes=\"(max-width: 2000px) 100vw, 2000px\" \/>\t\t\t\t\t\t\t\t\t\t\t\t\t\t\t<\/div>\n\t\t\t\t<\/div>\n\t\t\t\t<\/div>\n\t\t<div class=\"elementor-element elementor-element-cbc8f5d e-con-full e-flex e-con e-child\" data-id=\"cbc8f5d\" data-element_type=\"container\" data-e-type=\"container\" data-settings=\"{&quot;background_background&quot;:&quot;classic&quot;}\">\n\t\t\t\t<div class=\"elementor-element elementor-element-eac1176 elementor-widget elementor-widget-image\" data-id=\"eac1176\" data-element_type=\"widget\" data-e-type=\"widget\" data-widget_type=\"image.default\">\n\t\t\t\t<div class=\"elementor-widget-container\">\n\t\t\t\t\t\t\t\t\t\t\t\t\t\t\t<img decoding=\"async\" width=\"680\" height=\"680\" src=\"https:\/\/germanys.saarland\/wp-content\/uploads\/csm_Vetter_Vetter_Udo_Dez23_ad8f056a79.webp\" class=\"attachment-full size-full wp-image-11548\" alt=\"\" srcset=\"https:\/\/germanys.saarland\/wp-content\/uploads\/csm_Vetter_Vetter_Udo_Dez23_ad8f056a79.webp 680w, https:\/\/germanys.saarland\/wp-content\/uploads\/csm_Vetter_Vetter_Udo_Dez23_ad8f056a79-300x300.webp 300w, https:\/\/germanys.saarland\/wp-content\/uploads\/csm_Vetter_Vetter_Udo_Dez23_ad8f056a79-150x150.webp 150w\" sizes=\"(max-width: 680px) 100vw, 680px\" \/>\t\t\t\t\t\t\t\t\t\t\t\t\t\t\t<\/div>\n\t\t\t\t<\/div>\n\t\t\t\t<\/div>\n\t\t\t\t\t<\/div>\n\t\t\t\t<\/div>\n\t\t\t\t<\/div>\n\t\t","protected":false},"excerpt":{"rendered":"<p>Production pharmaceutique de pointe sur un site riche en traditions<\/p>\n","protected":false},"author":4,"featured_media":11535,"comment_status":"closed","ping_status":"closed","sticky":false,"template":"","format":"standard","meta":{"_acf_changed":false,"footnotes":""},"categories":[35],"tags":[34],"class_list":["post-11524","post","type-post","status-publish","format-standard","has-post-thumbnail","hentry","category-references-fr","tag-des-implantations-reussies"],"acf":[],"yoast_head":"<!-- This site is optimized with the Yoast SEO plugin v27.5 - https:\/\/yoast.com\/product\/yoast-seo-wordpress\/ -->\n<title>Vetter \u2013 Production pharmaceutique de pointe sur un site riche en traditions<\/title>\n<meta name=\"description\" content=\"Afin d&#039;augmenter ses capacit\u00e9s, Vetter va progressivement mettre en place, sur un ancien site automobile de Sarrelouis, une usine de production ultramoderne d\u00e9di\u00e9e aux produits pharmaceutiques, sur une superficie totale de 39 hectares.\" \/>\n<meta name=\"robots\" content=\"index, follow, max-snippet:-1, max-image-preview:large, max-video-preview:-1\" \/>\n<link rel=\"canonical\" href=\"https:\/\/germanys.saarland\/referenzen\/vetter-pharma\/\" \/>\n<meta property=\"og:locale\" content=\"fr_FR\" \/>\n<meta property=\"og:type\" content=\"article\" \/>\n<meta property=\"og:title\" content=\"Vetter \u2013 Production pharmaceutique de pointe sur un site riche en traditions\" \/>\n<meta property=\"og:description\" content=\"Afin d&#039;augmenter ses capacit\u00e9s, Vetter va progressivement mettre en place, sur un ancien site automobile de Sarrelouis, une usine de production ultramoderne d\u00e9di\u00e9e aux produits pharmaceutiques, sur une superficie totale de 39 hectares.\" \/>\n<meta property=\"og:url\" content=\"https:\/\/germanys.saarland\/referenzen\/vetter-pharma\/\" \/>\n<meta property=\"og:site_name\" content=\"GW Saarland\" \/>\n<meta property=\"article:publisher\" content=\"https:\/\/www.facebook.com\/germanys.saarland\/\" \/>\n<meta property=\"article:published_time\" content=\"2026-04-24T09:55:25+00:00\" \/>\n<meta property=\"article:modified_time\" content=\"2026-04-24T10:06:34+00:00\" \/>\n<meta property=\"og:image\" content=\"https:\/\/germanys.saarland\/wp-content\/uploads\/Visualisierung-Vetter-SLS.jpg\" \/>\n\t<meta property=\"og:image:width\" content=\"1920\" \/>\n\t<meta property=\"og:image:height\" content=\"1080\" \/>\n\t<meta property=\"og:image:type\" content=\"image\/jpeg\" \/>\n<meta name=\"author\" content=\"gillespie\" \/>\n<meta name=\"twitter:card\" content=\"summary_large_image\" \/>\n<meta name=\"twitter:label1\" content=\"\u00c9crit par\" \/>\n\t<meta name=\"twitter:data1\" content=\"gillespie\" \/>\n\t<meta name=\"twitter:label2\" content=\"Dur\u00e9e de lecture estim\u00e9e\" \/>\n\t<meta name=\"twitter:data2\" content=\"1 minute\" \/>\n<script type=\"application\/ld+json\" class=\"yoast-schema-graph\">{\"@context\":\"https:\\\/\\\/schema.org\",\"@graph\":[{\"@type\":\"Article\",\"@id\":\"https:\\\/\\\/germanys.saarland\\\/referenzen\\\/vetter-pharma\\\/#article\",\"isPartOf\":{\"@id\":\"https:\\\/\\\/germanys.saarland\\\/referenzen\\\/vetter-pharma\\\/\"},\"author\":{\"name\":\"gillespie\",\"@id\":\"https:\\\/\\\/germanys.saarland\\\/en\\\/#\\\/schema\\\/person\\\/6d6b16238c6a5a2866e592a914d7395e\"},\"headline\":\"Vetter Pharma\",\"datePublished\":\"2026-04-24T09:55:25+00:00\",\"dateModified\":\"2026-04-24T10:06:34+00:00\",\"mainEntityOfPage\":{\"@id\":\"https:\\\/\\\/germanys.saarland\\\/referenzen\\\/vetter-pharma\\\/\"},\"wordCount\":279,\"publisher\":{\"@id\":\"https:\\\/\\\/germanys.saarland\\\/en\\\/#organization\"},\"image\":{\"@id\":\"https:\\\/\\\/germanys.saarland\\\/referenzen\\\/vetter-pharma\\\/#primaryimage\"},\"thumbnailUrl\":\"https:\\\/\\\/germanys.saarland\\\/wp-content\\\/uploads\\\/Visualisierung-Vetter-SLS.jpg\",\"keywords\":[\"Des implantations r\u00e9ussies\"],\"articleSection\":[\"R\u00e9f\u00e9rences\"],\"inLanguage\":\"fr-FR\"},{\"@type\":\"WebPage\",\"@id\":\"https:\\\/\\\/germanys.saarland\\\/referenzen\\\/vetter-pharma\\\/\",\"url\":\"https:\\\/\\\/germanys.saarland\\\/referenzen\\\/vetter-pharma\\\/\",\"name\":\"Vetter \u2013 Production pharmaceutique de pointe sur un site riche en traditions\",\"isPartOf\":{\"@id\":\"https:\\\/\\\/germanys.saarland\\\/en\\\/#website\"},\"primaryImageOfPage\":{\"@id\":\"https:\\\/\\\/germanys.saarland\\\/referenzen\\\/vetter-pharma\\\/#primaryimage\"},\"image\":{\"@id\":\"https:\\\/\\\/germanys.saarland\\\/referenzen\\\/vetter-pharma\\\/#primaryimage\"},\"thumbnailUrl\":\"https:\\\/\\\/germanys.saarland\\\/wp-content\\\/uploads\\\/Visualisierung-Vetter-SLS.jpg\",\"datePublished\":\"2026-04-24T09:55:25+00:00\",\"dateModified\":\"2026-04-24T10:06:34+00:00\",\"description\":\"Afin d'augmenter ses capacit\u00e9s, Vetter va progressivement mettre en place, sur un ancien site automobile de Sarrelouis, une usine de production ultramoderne d\u00e9di\u00e9e aux produits pharmaceutiques, sur une superficie totale de 39 hectares.\",\"breadcrumb\":{\"@id\":\"https:\\\/\\\/germanys.saarland\\\/referenzen\\\/vetter-pharma\\\/#breadcrumb\"},\"inLanguage\":\"fr-FR\",\"potentialAction\":[{\"@type\":\"ReadAction\",\"target\":[\"https:\\\/\\\/germanys.saarland\\\/referenzen\\\/vetter-pharma\\\/\"]}]},{\"@type\":\"ImageObject\",\"inLanguage\":\"fr-FR\",\"@id\":\"https:\\\/\\\/germanys.saarland\\\/referenzen\\\/vetter-pharma\\\/#primaryimage\",\"url\":\"https:\\\/\\\/germanys.saarland\\\/wp-content\\\/uploads\\\/Visualisierung-Vetter-SLS.jpg\",\"contentUrl\":\"https:\\\/\\\/germanys.saarland\\\/wp-content\\\/uploads\\\/Visualisierung-Vetter-SLS.jpg\",\"width\":1920,\"height\":1080},{\"@type\":\"BreadcrumbList\",\"@id\":\"https:\\\/\\\/germanys.saarland\\\/referenzen\\\/vetter-pharma\\\/#breadcrumb\",\"itemListElement\":[{\"@type\":\"ListItem\",\"position\":1,\"name\":\"Startseite\",\"item\":\"https:\\\/\\\/germanys.saarland\\\/fr\\\/page-daccueil\\\/\"},{\"@type\":\"ListItem\",\"position\":2,\"name\":\"Vetter Pharma\"}]},{\"@type\":\"WebSite\",\"@id\":\"https:\\\/\\\/germanys.saarland\\\/en\\\/#website\",\"url\":\"https:\\\/\\\/germanys.saarland\\\/en\\\/\",\"name\":\"Germanys Saarland\",\"description\":\"\",\"publisher\":{\"@id\":\"https:\\\/\\\/germanys.saarland\\\/en\\\/#organization\"},\"potentialAction\":[{\"@type\":\"SearchAction\",\"target\":{\"@type\":\"EntryPoint\",\"urlTemplate\":\"https:\\\/\\\/germanys.saarland\\\/en\\\/?s={search_term_string}\"},\"query-input\":{\"@type\":\"PropertyValueSpecification\",\"valueRequired\":true,\"valueName\":\"search_term_string\"}}],\"inLanguage\":\"fr-FR\"},{\"@type\":\"Organization\",\"@id\":\"https:\\\/\\\/germanys.saarland\\\/en\\\/#organization\",\"name\":\"Germanys Saarland\",\"url\":\"https:\\\/\\\/germanys.saarland\\\/en\\\/\",\"logo\":{\"@type\":\"ImageObject\",\"inLanguage\":\"fr-FR\",\"@id\":\"https:\\\/\\\/germanys.saarland\\\/en\\\/#\\\/schema\\\/logo\\\/image\\\/\",\"url\":\"https:\\\/\\\/germanys.saarland\\\/wp-content\\\/uploads\\\/gwsaar-logo-neu.png\",\"contentUrl\":\"https:\\\/\\\/germanys.saarland\\\/wp-content\\\/uploads\\\/gwsaar-logo-neu.png\",\"width\":600,\"height\":134,\"caption\":\"Germanys Saarland\"},\"image\":{\"@id\":\"https:\\\/\\\/germanys.saarland\\\/en\\\/#\\\/schema\\\/logo\\\/image\\\/\"},\"sameAs\":[\"https:\\\/\\\/www.facebook.com\\\/germanys.saarland\\\/\",\"https:\\\/\\\/www.instagram.com\\\/germanys.saarland\\\/\",\"https:\\\/\\\/de.linkedin.com\\\/company\\\/gwsaar-saarland-economic-promotion-corporation\"]},{\"@type\":\"Person\",\"@id\":\"https:\\\/\\\/germanys.saarland\\\/en\\\/#\\\/schema\\\/person\\\/6d6b16238c6a5a2866e592a914d7395e\",\"name\":\"gillespie\"}]}<\/script>\n<!-- \/ Yoast SEO plugin. -->","yoast_head_json":{"title":"Vetter \u2013 Production pharmaceutique de pointe sur un site riche en traditions","description":"Afin d'augmenter ses capacit\u00e9s, Vetter va progressivement mettre en place, sur un ancien site automobile de Sarrelouis, une usine de production ultramoderne d\u00e9di\u00e9e aux produits pharmaceutiques, sur une superficie totale de 39 hectares.","robots":{"index":"index","follow":"follow","max-snippet":"max-snippet:-1","max-image-preview":"max-image-preview:large","max-video-preview":"max-video-preview:-1"},"canonical":"https:\/\/germanys.saarland\/referenzen\/vetter-pharma\/","og_locale":"fr_FR","og_type":"article","og_title":"Vetter \u2013 Production pharmaceutique de pointe sur un site riche en traditions","og_description":"Afin d'augmenter ses capacit\u00e9s, Vetter va progressivement mettre en place, sur un ancien site automobile de Sarrelouis, une usine de production ultramoderne d\u00e9di\u00e9e aux produits pharmaceutiques, sur une superficie totale de 39 hectares.","og_url":"https:\/\/germanys.saarland\/referenzen\/vetter-pharma\/","og_site_name":"GW Saarland","article_publisher":"https:\/\/www.facebook.com\/germanys.saarland\/","article_published_time":"2026-04-24T09:55:25+00:00","article_modified_time":"2026-04-24T10:06:34+00:00","og_image":[{"width":1920,"height":1080,"url":"https:\/\/germanys.saarland\/wp-content\/uploads\/Visualisierung-Vetter-SLS.jpg","type":"image\/jpeg"}],"author":"gillespie","twitter_card":"summary_large_image","twitter_misc":{"\u00c9crit par":"gillespie","Dur\u00e9e de lecture estim\u00e9e":"1 minute"},"schema":{"@context":"https:\/\/schema.org","@graph":[{"@type":"Article","@id":"https:\/\/germanys.saarland\/referenzen\/vetter-pharma\/#article","isPartOf":{"@id":"https:\/\/germanys.saarland\/referenzen\/vetter-pharma\/"},"author":{"name":"gillespie","@id":"https:\/\/germanys.saarland\/en\/#\/schema\/person\/6d6b16238c6a5a2866e592a914d7395e"},"headline":"Vetter Pharma","datePublished":"2026-04-24T09:55:25+00:00","dateModified":"2026-04-24T10:06:34+00:00","mainEntityOfPage":{"@id":"https:\/\/germanys.saarland\/referenzen\/vetter-pharma\/"},"wordCount":279,"publisher":{"@id":"https:\/\/germanys.saarland\/en\/#organization"},"image":{"@id":"https:\/\/germanys.saarland\/referenzen\/vetter-pharma\/#primaryimage"},"thumbnailUrl":"https:\/\/germanys.saarland\/wp-content\/uploads\/Visualisierung-Vetter-SLS.jpg","keywords":["Des implantations r\u00e9ussies"],"articleSection":["R\u00e9f\u00e9rences"],"inLanguage":"fr-FR"},{"@type":"WebPage","@id":"https:\/\/germanys.saarland\/referenzen\/vetter-pharma\/","url":"https:\/\/germanys.saarland\/referenzen\/vetter-pharma\/","name":"Vetter \u2013 Production pharmaceutique de pointe sur un site riche en traditions","isPartOf":{"@id":"https:\/\/germanys.saarland\/en\/#website"},"primaryImageOfPage":{"@id":"https:\/\/germanys.saarland\/referenzen\/vetter-pharma\/#primaryimage"},"image":{"@id":"https:\/\/germanys.saarland\/referenzen\/vetter-pharma\/#primaryimage"},"thumbnailUrl":"https:\/\/germanys.saarland\/wp-content\/uploads\/Visualisierung-Vetter-SLS.jpg","datePublished":"2026-04-24T09:55:25+00:00","dateModified":"2026-04-24T10:06:34+00:00","description":"Afin d'augmenter ses capacit\u00e9s, Vetter va progressivement mettre en place, sur un ancien site automobile de Sarrelouis, une usine de production ultramoderne d\u00e9di\u00e9e aux produits pharmaceutiques, sur une superficie totale de 39 hectares.","breadcrumb":{"@id":"https:\/\/germanys.saarland\/referenzen\/vetter-pharma\/#breadcrumb"},"inLanguage":"fr-FR","potentialAction":[{"@type":"ReadAction","target":["https:\/\/germanys.saarland\/referenzen\/vetter-pharma\/"]}]},{"@type":"ImageObject","inLanguage":"fr-FR","@id":"https:\/\/germanys.saarland\/referenzen\/vetter-pharma\/#primaryimage","url":"https:\/\/germanys.saarland\/wp-content\/uploads\/Visualisierung-Vetter-SLS.jpg","contentUrl":"https:\/\/germanys.saarland\/wp-content\/uploads\/Visualisierung-Vetter-SLS.jpg","width":1920,"height":1080},{"@type":"BreadcrumbList","@id":"https:\/\/germanys.saarland\/referenzen\/vetter-pharma\/#breadcrumb","itemListElement":[{"@type":"ListItem","position":1,"name":"Startseite","item":"https:\/\/germanys.saarland\/fr\/page-daccueil\/"},{"@type":"ListItem","position":2,"name":"Vetter Pharma"}]},{"@type":"WebSite","@id":"https:\/\/germanys.saarland\/en\/#website","url":"https:\/\/germanys.saarland\/en\/","name":"Germanys Saarland","description":"","publisher":{"@id":"https:\/\/germanys.saarland\/en\/#organization"},"potentialAction":[{"@type":"SearchAction","target":{"@type":"EntryPoint","urlTemplate":"https:\/\/germanys.saarland\/en\/?s={search_term_string}"},"query-input":{"@type":"PropertyValueSpecification","valueRequired":true,"valueName":"search_term_string"}}],"inLanguage":"fr-FR"},{"@type":"Organization","@id":"https:\/\/germanys.saarland\/en\/#organization","name":"Germanys Saarland","url":"https:\/\/germanys.saarland\/en\/","logo":{"@type":"ImageObject","inLanguage":"fr-FR","@id":"https:\/\/germanys.saarland\/en\/#\/schema\/logo\/image\/","url":"https:\/\/germanys.saarland\/wp-content\/uploads\/gwsaar-logo-neu.png","contentUrl":"https:\/\/germanys.saarland\/wp-content\/uploads\/gwsaar-logo-neu.png","width":600,"height":134,"caption":"Germanys Saarland"},"image":{"@id":"https:\/\/germanys.saarland\/en\/#\/schema\/logo\/image\/"},"sameAs":["https:\/\/www.facebook.com\/germanys.saarland\/","https:\/\/www.instagram.com\/germanys.saarland\/","https:\/\/de.linkedin.com\/company\/gwsaar-saarland-economic-promotion-corporation"]},{"@type":"Person","@id":"https:\/\/germanys.saarland\/en\/#\/schema\/person\/6d6b16238c6a5a2866e592a914d7395e","name":"gillespie"}]}},"_links":{"self":[{"href":"https:\/\/germanys.saarland\/fr\/wp-json\/wp\/v2\/posts\/11524","targetHints":{"allow":["GET"]}}],"collection":[{"href":"https:\/\/germanys.saarland\/fr\/wp-json\/wp\/v2\/posts"}],"about":[{"href":"https:\/\/germanys.saarland\/fr\/wp-json\/wp\/v2\/types\/post"}],"author":[{"embeddable":true,"href":"https:\/\/germanys.saarland\/fr\/wp-json\/wp\/v2\/users\/4"}],"replies":[{"embeddable":true,"href":"https:\/\/germanys.saarland\/fr\/wp-json\/wp\/v2\/comments?post=11524"}],"version-history":[{"count":7,"href":"https:\/\/germanys.saarland\/fr\/wp-json\/wp\/v2\/posts\/11524\/revisions"}],"predecessor-version":[{"id":11604,"href":"https:\/\/germanys.saarland\/fr\/wp-json\/wp\/v2\/posts\/11524\/revisions\/11604"}],"wp:featuredmedia":[{"embeddable":true,"href":"https:\/\/germanys.saarland\/fr\/wp-json\/wp\/v2\/media\/11535"}],"wp:attachment":[{"href":"https:\/\/germanys.saarland\/fr\/wp-json\/wp\/v2\/media?parent=11524"}],"wp:term":[{"taxonomy":"category","embeddable":true,"href":"https:\/\/germanys.saarland\/fr\/wp-json\/wp\/v2\/categories?post=11524"},{"taxonomy":"post_tag","embeddable":true,"href":"https:\/\/germanys.saarland\/fr\/wp-json\/wp\/v2\/tags?post=11524"}],"curies":[{"name":"wp","href":"https:\/\/api.w.org\/{rel}","templated":true}]}}